{"id":8947,"date":"2025-12-01T18:27:17","date_gmt":"2025-12-01T16:27:17","guid":{"rendered":"https:\/\/zupnija-radece.rkc.si\/?p=8947"},"modified":"2025-12-01T18:31:02","modified_gmt":"2025-12-01T16:31:02","slug":"delavnica-adventnih-venckov-6","status":"publish","type":"post","link":"http:\/\/zupnija-radece.rkc.si\/?p=8947","title":{"rendered":"DELAVNICA ADVENTNIH VEN\u010cKOV"},"content":{"rendered":"\n<p>Za\u010detek novega cerkvenega leta je \u017ee tradicionalno \u010das, ki ga za\u010denjamo s pripravo adventnih ven\u010dkov. Tako smo se v soboto pred prvo adventno nedeljo tudi letos sre\u010dali na delavnici v na\u0161ih \u017eupnijskih prostorih. Dobrodo\u0161el je bil vsak, \u0161e posebej pa smo bili veseli verou\u010dencev, ki s svojo ustvarjalnostjo vedno polep\u0161ajo na\u0161e dru\u017eenje. Letos se nas je zbralo deset, kar je manj kot prej\u0161nja leta, a z veseljem verjamemo, da so mnogi nekdanji udele\u017eenci postali \u017ee pravi mojstri in ven\u010dke izdelujejo doma.<\/p>\n\n\n\n<p>\u010clani \u017dupnijskega pastoralnega sveta smo pripravili zelenje, prostor in vse potrebno za delo. Ob skodelici \u010daja in sladkem prigrizku je vzdu\u0161je hitro postajalo doma\u010de. Medtem ko smo rezali vejice, dr\u017eali obode, zategovali \u017ei\u010dke, lepili okraske in name\u0161\u010dali sve\u010dke, je tekla prijetna in spro\u0161\u010dena beseda. Nastajali so lepi adventni ven\u010dki, mlaj\u0161i del udele\u017eenk pa je izdelal tudi velikega, \u017eupnijskega, ki ga v cerkvi vsako leto postavimo na \u010dastno mesto ob oltarni mizi. Na prvo adventno nedeljo je bil &#8211; tako kot vsi ostali ven\u010dki, razporejeni pred oltarjem \u2013 tudi ta blagoslovljen.<\/p>\n\n\n\n<p>Prva sve\u010dka. Nato druga, tretja in \u010detrta \u2013 vsaka mo\u010dnej\u0161a, vsaka svetlej\u0161a. Naj ta igra svetlobe v na\u0161ih domovih in srcih oznanja, da prihaja Lu\u010d, ki jo ni\u010d in nih\u010de ne more premagati.<\/p>\n\n\n\n<p>Besedilo in foto: Mateja Kova\u010d<\/p>\n\n\n\n<p><\/p>\n\n\n\n<p><\/p>\n\n\n\n<figure class=\"wp-block-gallery has-nested-images columns-default is-cropped wp-block-gallery-1 is-layout-flex\">\n<figure class=\"wp-block-image size-large\"><a href=\"https:\/\/zupnija-radece.rkc.si\/wp-content\/uploads\/1-48.jpg\"><img decoding=\"async\" loading=\"lazy\" width=\"1024\" height=\"674\" data-id=\"8950\"  src=\"https:\/\/zupnija-radece.rkc.si\/wp-content\/uploads\/1-48-1024x674.jpg\" alt=\"\" class=\"wp-image-8950\" srcset=\"http:\/\/zupnija-radece.rkc.si\/wp-content\/uploads\/1-48-1024x674.jpg 1024w, http:\/\/zupnija-radece.rkc.si\/wp-content\/uploads\/1-48-300x198.jpg 300w, http:\/\/zupnija-radece.rkc.si\/wp-content\/uploads\/1-48-768x506.jpg 768w, http:\/\/zupnija-radece.rkc.si\/wp-content\/uploads\/1-48-410x270.jpg 410w, http:\/\/zupnija-radece.rkc.si\/wp-content\/uploads\/1-48.jpg 1280w\" sizes=\"(max-width: 1024px) 100vw, 1024px\" \/><\/a><\/figure>\n\n\n\n<figure class=\"wp-block-image size-large\"><a href=\"https:\/\/zupnija-radece.rkc.si\/wp-content\/uploads\/2-44.jpg\"><img decoding=\"async\" loading=\"lazy\" width=\"1024\" height=\"795\" data-id=\"8953\"  src=\"https:\/\/zupnija-radece.rkc.si\/wp-content\/uploads\/2-44-1024x795.jpg\" alt=\"\" class=\"wp-image-8953\" srcset=\"http:\/\/zupnija-radece.rkc.si\/wp-content\/uploads\/2-44-1024x795.jpg 1024w, http:\/\/zupnija-radece.rkc.si\/wp-content\/uploads\/2-44-300x233.jpg 300w, http:\/\/zupnija-radece.rkc.si\/wp-content\/uploads\/2-44-768x596.jpg 768w, http:\/\/zupnija-radece.rkc.si\/wp-content\/uploads\/2-44-348x270.jpg 348w, http:\/\/zupnija-radece.rkc.si\/wp-content\/uploads\/2-44.jpg 1280w\" sizes=\"(max-width: 1024px) 100vw, 1024px\" \/><\/a><\/figure>\n\n\n\n<figure class=\"wp-block-image size-large\"><a href=\"https:\/\/zupnija-radece.rkc.si\/wp-content\/uploads\/3-41.jpg\"><img decoding=\"async\" loading=\"lazy\" width=\"768\" height=\"1024\" data-id=\"8949\"  src=\"https:\/\/zupnija-radece.rkc.si\/wp-content\/uploads\/3-41.jpg\" alt=\"\" class=\"wp-image-8949\" srcset=\"http:\/\/zupnija-radece.rkc.si\/wp-content\/uploads\/3-41.jpg 768w, http:\/\/zupnija-radece.rkc.si\/wp-content\/uploads\/3-41-225x300.jpg 225w, http:\/\/zupnija-radece.rkc.si\/wp-content\/uploads\/3-41-203x270.jpg 203w\" sizes=\"(max-width: 768px) 100vw, 768px\" \/><\/a><\/figure>\n\n\n\n<figure class=\"wp-block-image size-large\"><a href=\"https:\/\/zupnija-radece.rkc.si\/wp-content\/uploads\/4-46.jpg\"><img decoding=\"async\" loading=\"lazy\" width=\"1024\" height=\"714\" data-id=\"8954\"  src=\"https:\/\/zupnija-radece.rkc.si\/wp-content\/uploads\/4-46-1024x714.jpg\" alt=\"\" class=\"wp-image-8954\" srcset=\"http:\/\/zupnija-radece.rkc.si\/wp-content\/uploads\/4-46-1024x714.jpg 1024w, http:\/\/zupnija-radece.rkc.si\/wp-content\/uploads\/4-46-300x209.jpg 300w, http:\/\/zupnija-radece.rkc.si\/wp-content\/uploads\/4-46-768x535.jpg 768w, http:\/\/zupnija-radece.rkc.si\/wp-content\/uploads\/4-46-387x270.jpg 387w, http:\/\/zupnija-radece.rkc.si\/wp-content\/uploads\/4-46.jpg 1280w\" sizes=\"(max-width: 1024px) 100vw, 1024px\" \/><\/a><\/figure>\n\n\n\n<figure class=\"wp-block-image size-large\"><a href=\"https:\/\/zupnija-radece.rkc.si\/wp-content\/uploads\/5-39.jpg\"><img decoding=\"async\" loading=\"lazy\" width=\"1024\" height=\"768\" data-id=\"8955\"  src=\"https:\/\/zupnija-radece.rkc.si\/wp-content\/uploads\/5-39-1024x768.jpg\" alt=\"\" class=\"wp-image-8955\" srcset=\"http:\/\/zupnija-radece.rkc.si\/wp-content\/uploads\/5-39-1024x768.jpg 1024w, http:\/\/zupnija-radece.rkc.si\/wp-content\/uploads\/5-39-300x225.jpg 300w, http:\/\/zupnija-radece.rkc.si\/wp-content\/uploads\/5-39-768x576.jpg 768w, http:\/\/zupnija-radece.rkc.si\/wp-content\/uploads\/5-39-360x270.jpg 360w, http:\/\/zupnija-radece.rkc.si\/wp-content\/uploads\/5-39.jpg 1280w\" sizes=\"(max-width: 1024px) 100vw, 1024px\" \/><\/a><\/figure>\n\n\n\n<figure class=\"wp-block-image size-large\"><a href=\"https:\/\/zupnija-radece.rkc.si\/wp-content\/uploads\/6-39.jpg\"><img decoding=\"async\" loading=\"lazy\" width=\"768\" height=\"1024\" data-id=\"8956\"  src=\"https:\/\/zupnija-radece.rkc.si\/wp-content\/uploads\/6-39.jpg\" alt=\"\" class=\"wp-image-8956\" srcset=\"http:\/\/zupnija-radece.rkc.si\/wp-content\/uploads\/6-39.jpg 768w, http:\/\/zupnija-radece.rkc.si\/wp-content\/uploads\/6-39-225x300.jpg 225w, http:\/\/zupnija-radece.rkc.si\/wp-content\/uploads\/6-39-203x270.jpg 203w\" sizes=\"(max-width: 768px) 100vw, 768px\" \/><\/a><\/figure>\n\n\n\n<figure class=\"wp-block-image size-large\"><a href=\"https:\/\/zupnija-radece.rkc.si\/wp-content\/uploads\/7-36.jpg\"><img decoding=\"async\" loading=\"lazy\" width=\"768\" height=\"1024\" data-id=\"8951\"  src=\"https:\/\/zupnija-radece.rkc.si\/wp-content\/uploads\/7-36.jpg\" alt=\"\" class=\"wp-image-8951\" srcset=\"http:\/\/zupnija-radece.rkc.si\/wp-content\/uploads\/7-36.jpg 768w, http:\/\/zupnija-radece.rkc.si\/wp-content\/uploads\/7-36-225x300.jpg 225w, http:\/\/zupnija-radece.rkc.si\/wp-content\/uploads\/7-36-203x270.jpg 203w\" sizes=\"(max-width: 768px) 100vw, 768px\" \/><\/a><\/figure>\n\n\n\n<figure class=\"wp-block-image size-large\"><a href=\"https:\/\/zupnija-radece.rkc.si\/wp-content\/uploads\/8-39.jpg\"><img decoding=\"async\" loading=\"lazy\" width=\"1024\" height=\"682\" data-id=\"8952\"  src=\"https:\/\/zupnija-radece.rkc.si\/wp-content\/uploads\/8-39-1024x682.jpg\" alt=\"\" class=\"wp-image-8952\" srcset=\"http:\/\/zupnija-radece.rkc.si\/wp-content\/uploads\/8-39-1024x682.jpg 1024w, http:\/\/zupnija-radece.rkc.si\/wp-content\/uploads\/8-39-300x200.jpg 300w, http:\/\/zupnija-radece.rkc.si\/wp-content\/uploads\/8-39-768x512.jpg 768w, http:\/\/zupnija-radece.rkc.si\/wp-content\/uploads\/8-39-405x270.jpg 405w, http:\/\/zupnija-radece.rkc.si\/wp-content\/uploads\/8-39.jpg 1280w\" sizes=\"(max-width: 1024px) 100vw, 1024px\" \/><\/a><\/figure>\n<\/figure>\n","protected":false},"excerpt":{"rendered":"<p>Za\u010detek novega cerkvenega leta je \u017ee tradicionalno \u010das, ki ga za\u010denjamo s pripravo adventnih ven\u010dkov. Tako smo se v soboto pred prvo adventno nedeljo tudi letos sre\u010dali na delavnici v na\u0161ih \u017eupnijskih prostorih. Dobrodo\u0161el je bil vsak, \u0161e posebej pa smo bili veseli verou\u010dencev, ki s svojo ustvarjalnostjo vedno polep\u0161ajo na\u0161e dru\u017eenje. Letos se nas &hellip; <\/p>\n<p class=\"read-more\"><a class=\"btn btn-default\" href=\"http:\/\/zupnija-radece.rkc.si\/?p=8947\"> Read More<span class=\"screen-reader-text\">  Read More<\/span><\/a><\/p>\n","protected":false},"author":4,"featured_media":8954,"comment_status":"closed","ping_status":"closed","sticky":false,"template":"","format":"standard","meta":[],"categories":[3,36],"tags":[],"_links":{"self":[{"href":"http:\/\/zupnija-radece.rkc.si\/index.php?rest_route=\/wp\/v2\/posts\/8947"}],"collection":[{"href":"http:\/\/zupnija-radece.rkc.si\/index.php?rest_route=\/wp\/v2\/posts"}],"about":[{"href":"http:\/\/zupnija-radece.rkc.si\/index.php?rest_route=\/wp\/v2\/types\/post"}],"author":[{"embeddable":true,"href":"http:\/\/zupnija-radece.rkc.si\/index.php?rest_route=\/wp\/v2\/users\/4"}],"replies":[{"embeddable":true,"href":"http:\/\/zupnija-radece.rkc.si\/index.php?rest_route=%2Fwp%2Fv2%2Fcomments&post=8947"}],"version-history":[{"count":4,"href":"http:\/\/zupnija-radece.rkc.si\/index.php?rest_route=\/wp\/v2\/posts\/8947\/revisions"}],"predecessor-version":[{"id":8960,"href":"http:\/\/zupnija-radece.rkc.si\/index.php?rest_route=\/wp\/v2\/posts\/8947\/revisions\/8960"}],"wp:featuredmedia":[{"embeddable":true,"href":"http:\/\/zupnija-radece.rkc.si\/index.php?rest_route=\/wp\/v2\/media\/8954"}],"wp:attachment":[{"href":"http:\/\/zupnija-radece.rkc.si\/index.php?rest_route=%2Fwp%2Fv2%2Fmedia&parent=8947"}],"wp:term":[{"taxonomy":"category","embeddable":true,"href":"http:\/\/zupnija-radece.rkc.si\/index.php?rest_route=%2Fwp%2Fv2%2Fcategories&post=8947"},{"taxonomy":"post_tag","embeddable":true,"href":"http:\/\/zupnija-radece.rkc.si\/index.php?rest_route=%2Fwp%2Fv2%2Ftags&post=8947"}],"curies":[{"name":"wp","href":"https:\/\/api.w.org\/{rel}","templated":true}]}}